{"id":67,"date":"2025-10-09T13:22:54","date_gmt":"2025-10-09T13:22:54","guid":{"rendered":"https:\/\/cazarepraid.info\/articole\/?p=67"},"modified":"2025-10-09T13:22:55","modified_gmt":"2025-10-09T13:22:55","slug":"descopera-praid-locul-unde-linistea-are-miros-de-sare","status":"publish","type":"post","link":"https:\/\/cazarepraid.info\/articole\/2025\/10\/09\/descopera-praid-locul-unde-linistea-are-miros-de-sare\/","title":{"rendered":"Descoper\u0103 Praid \u2013 locul unde lini\u0219tea are miros de sare"},"content":{"rendered":"\n<p>Praidul este mai mult dec\u00e2t o localitate turistic\u0103 \u2013 este un col\u021b de lini\u0219te \u00een care timpul pare s\u0103 curg\u0103 mai domol, iar aerul poart\u0103 mereu un strop de sare \u0219i poveste.<\/p>\n\n\n\n<p>Aici, \u00een inima \u021ainutului S\u0103rii, natura \u0219i tradi\u021bia se \u00eempletesc firesc. Salina Praid este, desigur, atrac\u021bia principal\u0103 \u2013 o lume subteran\u0103 cu aer curat, perfect pentru relaxare \u0219i tratament. Dar dincolo de salin\u0103, satul ascunde frumuse\u021bi mai tainice: poteci de deal, p\u0103duri de mesteceni, oameni calzi \u0219i gospod\u0103rii primitoare.<\/p>\n\n\n\n<p>\u00cen fiecare diminea\u021b\u0103, satul se treze\u0219te \u00eencet, cu miros de lemn ars \u0219i cafea, iar turi\u0219tii sunt \u00eent\u00e2mpina\u021bi cu z\u00e2mbete \u0219i sfaturi bune. Po\u021bi \u00eencepe ziua cu o plimbare spre izvoarele s\u0103rate, apoi po\u021bi vizita atelierele me\u0219te\u0219ugarilor din zon\u0103 \u2013 oameni care \u00eenc\u0103 lucreaz\u0103 lemnul \u0219i l\u00e2na dup\u0103 me\u0219te\u0219uguri vechi.<\/p>\n\n\n\n<p>Seara, Praidul se a\u0219az\u0103 \u00eentr-o lini\u0219te de poveste. Cerul e limpede, iar stelele par mai aproape.<\/p>\n\n\n\n<p>Dac\u0103 \u00ee\u021bi dore\u0219ti o evadare din zgomotul lumii, un loc unde timpul se m\u0103soar\u0103 \u00een r\u0103s\u0103rituri \u0219i apusuri, atunci Praidul te a\u0219teapt\u0103 cu bra\u021bele deschise.<\/p>\n\n\n\n<p><strong>Bine ai venit acas\u0103, \u00een inima Ardealului!<\/strong><\/p>\n\n\n\n<figure class=\"wp-block-gallery has-nested-images columns-default is-cropped wp-block-gallery-1 is-layout-flex\">\n<figure class=\"wp-block-image size-large\"><img decoding=\"async\" loading=\"lazy\" width=\"1024\" height=\"583\" data-id=\"68\"  src=\"https:\/\/cazarepraid.info\/articole\/wp-content\/uploads\/2025\/10\/strand-1.jpg\" alt=\"\" class=\"wp-image-68\" srcset=\"https:\/\/cazarepraid.info\/articole\/wp-content\/uploads\/2025\/10\/strand-1.jpg 1024w, https:\/\/cazarepraid.info\/articole\/wp-content\/uploads\/2025\/10\/strand-1-300x171.jpg 300w, https:\/\/cazarepraid.info\/articole\/wp-content\/uploads\/2025\/10\/strand-1-768x437.jpg 768w\" sizes=\"(max-width: 1024px) 100vw, 1024px\" \/><\/figure>\n<\/figure>\n\n\n\n<figure class=\"wp-block-gallery has-nested-images columns-default is-cropped wp-block-gallery-3 is-layout-flex\"><\/figure>\n\n\n\n<figure class=\"wp-block-image\"><img alt=\"\"\/><\/figure>\n\n\n\n<figure class=\"wp-block-image\"><img alt=\"\"\/><\/figure>\n\n\n\n<figure class=\"wp-block-image\"><img alt=\"\"\/><\/figure>\n","protected":false},"excerpt":{"rendered":"<p>Praidul este mai mult dec\u00e2t o localitate turistic\u0103 \u2013 este un col\u021b de lini\u0219te \u00een care timpul pare s\u0103 curg\u0103 mai domol, iar aerul poart\u0103 mereu un strop de sare \u0219i poveste. Aici, \u00een inima \u021ainutului S\u0103rii, natura \u0219i tradi\u021bia se \u00eempletesc firesc. Salina Praid este, desigur, atrac\u021bia principal\u0103 \u2013 o lume subteran\u0103 cu aer curat, perfect pentru relaxare \u0219i tratament. Dar dincolo de salin\u0103, satul ascunde frumuse\u021bi mai tainice: poteci de deal, p\u0103duri de mesteceni, oameni calzi \u0219i gospod\u0103rii primitoare. \u00cen fiecare diminea\u021b\u0103, satul se treze\u0219te \u00eencet, cu miros de lemn ars \u0219i cafea, iar turi\u0219tii sunt \u00eent\u00e2mpina\u021bi cu z\u00e2mbete \u0219i sfaturi bune. Po\u021bi \u00eencepe ziua cu o plimbare spre izvoarele s\u0103rate, apoi po\u021bi vizita atelierele me\u0219te\u0219ugarilor din zon\u0103 \u2013 oameni care \u00eenc\u0103 lucreaz\u0103 lemnul \u0219i l\u00e2na dup\u0103 me\u0219te\u0219uguri vechi. Seara, Praidul se a\u0219az\u0103 \u00eentr-o lini\u0219te de poveste. Cerul e limpede, iar stelele par mai aproape. Dac\u0103 \u00ee\u021bi dore\u0219ti o evadare din zgomotul lumii, un loc unde timpul se m\u0103soar\u0103 \u00een r\u0103s\u0103rituri \u0219i apusuri, atunci Praidul te a\u0219teapt\u0103 cu bra\u021bele deschise. Bine ai venit acas\u0103, \u00een inima Ardealului!<\/p>\n","protected":false},"author":1,"featured_media":0,"comment_status":"open","ping_status":"open","sticky":false,"template":"","format":"standard","meta":[],"categories":[1],"tags":[],"_links":{"self":[{"href":"https:\/\/cazarepraid.info\/articole\/wp-json\/wp\/v2\/posts\/67"}],"collection":[{"href":"https:\/\/cazarepraid.info\/articole\/wp-json\/wp\/v2\/posts"}],"about":[{"href":"https:\/\/cazarepraid.info\/articole\/wp-json\/wp\/v2\/types\/post"}],"author":[{"embeddable":true,"href":"https:\/\/cazarepraid.info\/articole\/wp-json\/wp\/v2\/users\/1"}],"replies":[{"embeddable":true,"href":"https:\/\/cazarepraid.info\/articole\/wp-json\/wp\/v2\/comments?post=67"}],"version-history":[{"count":1,"href":"https:\/\/cazarepraid.info\/articole\/wp-json\/wp\/v2\/posts\/67\/revisions"}],"predecessor-version":[{"id":69,"href":"https:\/\/cazarepraid.info\/articole\/wp-json\/wp\/v2\/posts\/67\/revisions\/69"}],"wp:attachment":[{"href":"https:\/\/cazarepraid.info\/articole\/wp-json\/wp\/v2\/media?parent=67"}],"wp:term":[{"taxonomy":"category","embeddable":true,"href":"https:\/\/cazarepraid.info\/articole\/wp-json\/wp\/v2\/categories?post=67"},{"taxonomy":"post_tag","embeddable":true,"href":"https:\/\/cazarepraid.info\/articole\/wp-json\/wp\/v2\/tags?post=67"}],"curies":[{"name":"wp","href":"https:\/\/api.w.org\/{rel}","templated":true}]}}